{"id":4274,"date":"2025-01-08T14:43:20","date_gmt":"2025-01-08T14:43:20","guid":{"rendered":"https:\/\/www.reefjet.com\/?p=4274"},"modified":"2025-01-08T16:03:47","modified_gmt":"2025-01-08T16:03:47","slug":"conectividad-y-aventura-reef-jet-anuncia-vuelos-y-excursiones-exclusivas-para-la-temporada-de-invierno-2025","status":"publish","type":"post","link":"https:\/\/www.reefjet.com\/index.php\/conectividad-y-aventura-reef-jet-anuncia-vuelos-y-excursiones-exclusivas-para-la-temporada-de-invierno-2025\/","title":{"rendered":"\u200bConectividad y aventura: Reef Jet anuncia vuelos y excursiones exclusivas para la temporada de invierno 2025"},"content":{"rendered":"\t\t<div data-elementor-type=\"wp-post\" data-elementor-id=\"4274\" class=\"elementor elementor-4274\" data-elementor-post-type=\"post\">\n\t\t\t\t\t\t<section class=\"elementor-section elementor-top-section elementor-element elementor-element-d8b84ed elementor-section-boxed elementor-section-height-default elementor-section-height-default\" data-id=\"d8b84ed\" data-element_type=\"section\" data-e-type=\"section\">\n\t\t\t\t\t\t<div class=\"elementor-container elementor-column-gap-default\">\n\t\t\t\t\t<div class=\"elementor-column elementor-col-100 elementor-top-column elementor-element elementor-element-9a1dd08\" data-id=\"9a1dd08\" data-element_type=\"column\" data-e-type=\"column\">\n\t\t\t<div class=\"elementor-widget-wrap elementor-element-populated\">\n\t\t\t\t\t\t<div class=\"elementor-element elementor-element-b429c63 elementor-widget elementor-widget-text-editor\" data-id=\"b429c63\" data-element_type=\"widget\" data-e-type=\"widget\" data-widget_type=\"text-editor.default\">\n\t\t\t\t<div class=\"elementor-widget-container\">\n\t\t\t\t\t\t\t\t\t<p><strong>PUNTA CANA, R. D.<\/strong> \u2013 Reef Jet, reconocido operador a\u00e9reo comprometido con la excelencia y el cumplimiento de los m\u00e1s altos est\u00e1ndares internacionales, se complace en anunciar el inicio de sus operaciones para la temporada de invierno 2025. Este a\u00f1o, la compa\u00f1\u00eda presenta una emocionante programaci\u00f3n que incluye vuelos y excursiones dise\u00f1adas para ofrecer experiencias inolvidables y fortalecer la conectividad en el Caribe.<\/p><p>Entre las ofertas m\u00e1s destacadas, Reef Jet inaugurar\u00e1 excursiones semanales a Bah\u00eda de las \u00c1guilas, un destino reconocido como uno de los parajes m\u00e1s paradis\u00edacos de la Rep\u00fablica Dominicana. Cada jueves, los viajeros desde Punta Cana podr\u00e1n disfrutar de un d\u00eda completo explorando esta joya natural, combinando paisajes de ensue\u00f1o con el servicio excepcional que caracteriza a la aerol\u00ednea.<\/p><p>Asimismo, la aerol\u00ednea invita a sus clientes a vivir de cerca la temporada de observaci\u00f3n de ballenas, disponible del 16 de enero al 31 de marzo. Este programa incluye dos modalidades: una excursi\u00f3n de d\u00eda completo todos los mi\u00e9rcoles y una opci\u00f3n de medio d\u00eda cada viernes. Ambas est\u00e1n dise\u00f1adas para brindar una experiencia \u00fanica e inolvidable, destacando el compromiso de la empresa con la sostenibilidad y el turismo responsable.<\/p><p>Con el prop\u00f3sito de reforzar la conectividad nacional, Reef Jet retomar\u00e1 su popular ruta Punta Cana-Santiago, con vuelos semanales los viernes y domingos. Gracias a estos servicios, los pasajeros podr\u00e1n disfrutar de un tiempo de vuelo de tan solo 50 minutos, optimizando sus desplazamientos y fortaleciendo los lazos entre estas dos importantes ciudades del pa\u00eds.<\/p><p>\u201cEn Reef Jet, estamos comprometidos con ofrecer un servicio de alta calidad y puntualidad, al igual que la creaci\u00f3n de experiencias que conecten con lo mejor de la Rep\u00fablica Dominicana y el Caribe. La temporada de invierno 2025 representa una oportunidad emocionante para continuar promoviendo el turismo interno y fortalecer nuestra posici\u00f3n como un operador confiable y dedicado,\u201d destac\u00f3 Geraint Mar\u00eda Barrot, director operativo de la l\u00ednea a\u00e9rea.<\/p><p>Con esta propuesta, la aerol\u00ednea se mantiene fiel a su misi\u00f3n de ofrecer vivencias inigualables, contribuyendo al crecimiento y desarrollo del sector tur\u00edstico nacional.<\/p>\t\t\t\t\t\t\t\t<\/div>\n\t\t\t\t<\/div>\n\t\t\t\t\t<\/div>\n\t\t<\/div>\n\t\t\t\t\t<\/div>\n\t\t<\/section>\n\t\t\t\t<section class=\"elementor-section elementor-top-section elementor-element elementor-element-c080335 elementor-section-boxed elementor-section-height-default elementor-section-height-default\" data-id=\"c080335\" data-element_type=\"section\" data-e-type=\"section\">\n\t\t\t\t\t\t<div class=\"elementor-container elementor-column-gap-default\">\n\t\t\t\t\t<div class=\"elementor-column elementor-col-100 elementor-top-column elementor-element elementor-element-d4d4b0e\" data-id=\"d4d4b0e\" data-element_type=\"column\" data-e-type=\"column\">\n\t\t\t<div class=\"elementor-widget-wrap elementor-element-populated\">\n\t\t\t\t\t\t<div class=\"elementor-element elementor-element-711b2c0 elementor--h-position-center elementor--v-position-middle elementor-arrows-position-inside elementor-pagination-position-inside elementor-widget elementor-widget-slides\" data-id=\"711b2c0\" data-element_type=\"widget\" data-e-type=\"widget\" data-settings=\"{&quot;navigation&quot;:&quot;both&quot;,&quot;autoplay&quot;:&quot;yes&quot;,&quot;pause_on_hover&quot;:&quot;yes&quot;,&quot;pause_on_interaction&quot;:&quot;yes&quot;,&quot;autoplay_speed&quot;:5000,&quot;infinite&quot;:&quot;yes&quot;,&quot;transition&quot;:&quot;slide&quot;,&quot;transition_speed&quot;:500}\" data-widget_type=\"slides.default\">\n\t\t\t\t<div class=\"elementor-widget-container\">\n\t\t\t\t\t\t\t\t\t<div class=\"elementor-swiper\">\n\t\t\t\t\t<div class=\"elementor-slides-wrapper elementor-main-swiper swiper\" role=\"region\" aria-roledescription=\"carousel\" aria-label=\"INVIERNO 2025\" dir=\"ltr\" data-animation=\"fadeInUp\">\n\t\t\t\t<div class=\"swiper-wrapper elementor-slides\">\n\t\t\t\t\t\t\t\t\t\t<div class=\"elementor-repeater-item-4379014 swiper-slide\" role=\"group\" aria-roledescription=\"slide\"><div class=\"swiper-slide-bg\" role=\"img\" aria-label=\"Reef-Jet-2048x1366-1\"><\/div><div class=\"swiper-slide-inner\" ><div class=\"swiper-slide-contents\"><\/div><\/div><\/div><div class=\"elementor-repeater-item-d3064c6 swiper-slide\" role=\"group\" aria-roledescription=\"slide\"><div class=\"swiper-slide-bg\" role=\"img\" aria-label=\"7\"><\/div><div class=\"swiper-slide-inner\" ><div class=\"swiper-slide-contents\"><\/div><\/div><\/div><div class=\"elementor-repeater-item-e925706 swiper-slide\" role=\"group\" aria-roledescription=\"slide\"><div class=\"swiper-slide-bg\" role=\"img\" aria-label=\"4\"><\/div><div class=\"swiper-slide-inner\" ><div class=\"swiper-slide-contents\"><\/div><\/div><\/div><div class=\"elementor-repeater-item-c3448f0 swiper-slide\" role=\"group\" aria-roledescription=\"slide\"><div class=\"swiper-slide-bg\" role=\"img\" aria-label=\"10\"><\/div><div class=\"swiper-slide-inner\" ><div class=\"swiper-slide-contents\"><\/div><\/div><\/div><div class=\"elementor-repeater-item-9d3a9c1 swiper-slide\" role=\"group\" aria-roledescription=\"slide\"><div class=\"swiper-slide-bg\" role=\"img\" aria-label=\"5\"><\/div><div class=\"swiper-slide-inner\" ><div class=\"swiper-slide-contents\"><\/div><\/div><\/div>\t\t\t\t<\/div>\n\t\t\t\t\t\t\t\t\t\t\t\t\t\t\t<div class=\"elementor-swiper-button elementor-swiper-button-prev\" role=\"button\" tabindex=\"0\" aria-label=\"Diapositiva anterior\">\n\t\t\t\t\t\t\t<i aria-hidden=\"true\" class=\"eicon-chevron-left\"><\/i>\t\t\t\t\t\t<\/div>\n\t\t\t\t\t\t<div class=\"elementor-swiper-button elementor-swiper-button-next\" role=\"button\" tabindex=\"0\" aria-label=\"Diapositiva siguiente\">\n\t\t\t\t\t\t\t<i aria-hidden=\"true\" class=\"eicon-chevron-right\"><\/i>\t\t\t\t\t\t<\/div>\n\t\t\t\t\t\t\t\t\t\t\t\t\t\t\t\t<div class=\"swiper-pagination\"><\/div>\n\t\t\t\t\t\t\t\t\t\t\t\t<\/div>\n\t\t\t\t<\/div>\n\t\t\t\t\t\t\t\t<\/div>\n\t\t\t\t<\/div>\n\t\t\t\t\t<\/div>\n\t\t<\/div>\n\t\t\t\t\t<\/div>\n\t\t<\/section>\n\t\t\t\t<\/div>\n\t\t","protected":false},"excerpt":{"rendered":"<p>Punta Cana, R.D. \u2013 Reef Jet, destacado operador a\u00e9reo, lanza su programaci\u00f3n de invierno 2025 con emocionantes ofertas que refuerzan la conectividad en el Caribe.<\/p>\n<p>Entre las novedades destacan excursiones semanales a Bah\u00eda de las \u00c1guilas desde Punta Cana los jueves y programas de observaci\u00f3n de ballenas del 16 de enero al 31 de marzo, con opciones de d\u00eda completo los mi\u00e9rcoles y medio d\u00eda los viernes.<\/p>\n","protected":false},"author":1,"featured_media":4279,"comment_status":"closed","ping_status":"open","sticky":false,"template":"","format":"standard","meta":{"nf_dc_page":"","tdm_status":"","tdm_grid_status":"","footnotes":""},"categories":[1],"tags":[],"class_list":{"0":"post-4274","1":"post","2":"type-post","3":"status-publish","4":"format-standard","5":"has-post-thumbnail","7":"category-blog"},"yoast_head":"<!-- This site is optimized with the Yoast SEO plugin v27.4 - https:\/\/yoast.com\/product\/yoast-seo-wordpress\/ -->\n<title>\u200bConectividad y aventura: Reef Jet anuncia vuelos y excursiones exclusivas para la temporada de invierno 2025 - ReefJet<\/title>\n<meta name=\"robots\" content=\"index, follow, max-snippet:-1, max-image-preview:large, max-video-preview:-1\" \/>\n<link rel=\"canonical\" href=\"https:\/\/www.reefjet.com\/index.php\/conectividad-y-aventura-reef-jet-anuncia-vuelos-y-excursiones-exclusivas-para-la-temporada-de-invierno-2025\/\" \/>\n<meta property=\"og:locale\" content=\"es_ES\" \/>\n<meta property=\"og:type\" content=\"article\" \/>\n<meta property=\"og:title\" content=\"\u200bConectividad y aventura: Reef Jet anuncia vuelos y excursiones exclusivas para la temporada de invierno 2025 - ReefJet\" \/>\n<meta property=\"og:description\" content=\"Punta Cana, R.D. \u2013 Reef Jet, destacado operador a\u00e9reo, lanza su programaci\u00f3n de invierno 2025 con emocionantes ofertas que refuerzan la conectividad en el Caribe. Entre las novedades destacan excursiones semanales a Bah\u00eda de las \u00c1guilas desde Punta Cana los jueves y programas de observaci\u00f3n de ballenas del 16 de enero al 31 de marzo, con opciones de d\u00eda completo los mi\u00e9rcoles y medio d\u00eda los viernes.\" \/>\n<meta property=\"og:url\" content=\"https:\/\/www.reefjet.com\/index.php\/conectividad-y-aventura-reef-jet-anuncia-vuelos-y-excursiones-exclusivas-para-la-temporada-de-invierno-2025\/\" \/>\n<meta property=\"og:site_name\" content=\"ReefJet\" \/>\n<meta property=\"article:publisher\" content=\"https:\/\/www.facebook.com\/reefjetair\" \/>\n<meta property=\"article:published_time\" content=\"2025-01-08T14:43:20+00:00\" \/>\n<meta property=\"article:modified_time\" content=\"2025-01-08T16:03:47+00:00\" \/>\n<meta property=\"og:image\" content=\"https:\/\/www.reefjet.com\/wp-content\/uploads\/2025\/01\/Reef-Jet-2048x1366-1.jpg\" \/>\n\t<meta property=\"og:image:width\" content=\"2048\" \/>\n\t<meta property=\"og:image:height\" content=\"1366\" \/>\n\t<meta property=\"og:image:type\" content=\"image\/jpeg\" \/>\n<meta name=\"author\" content=\"Technology\" \/>\n<meta name=\"twitter:card\" content=\"summary_large_image\" \/>\n<meta name=\"twitter:creator\" content=\"@AirReefJet\" \/>\n<meta name=\"twitter:site\" content=\"@AirReefJet\" \/>\n<meta name=\"twitter:label1\" content=\"Escrito por\" \/>\n\t<meta name=\"twitter:data1\" content=\"Technology\" \/>\n\t<meta name=\"twitter:label2\" content=\"Tiempo de lectura\" \/>\n\t<meta name=\"twitter:data2\" content=\"2 minutos\" \/>\n<script type=\"application\/ld+json\" class=\"yoast-schema-graph\">{\"@context\":\"https:\\\/\\\/schema.org\",\"@graph\":[{\"@type\":\"Article\",\"@id\":\"https:\\\/\\\/www.reefjet.com\\\/index.php\\\/conectividad-y-aventura-reef-jet-anuncia-vuelos-y-excursiones-exclusivas-para-la-temporada-de-invierno-2025\\\/#article\",\"isPartOf\":{\"@id\":\"https:\\\/\\\/www.reefjet.com\\\/index.php\\\/conectividad-y-aventura-reef-jet-anuncia-vuelos-y-excursiones-exclusivas-para-la-temporada-de-invierno-2025\\\/\"},\"author\":{\"name\":\"Technology\",\"@id\":\"https:\\\/\\\/www.reefjet.com\\\/#\\\/schema\\\/person\\\/e0d497a7d528a211e924b303d5dbf6e8\"},\"headline\":\"\u200bConectividad y aventura: Reef Jet anuncia vuelos y excursiones exclusivas para la temporada de invierno 2025\",\"datePublished\":\"2025-01-08T14:43:20+00:00\",\"dateModified\":\"2025-01-08T16:03:47+00:00\",\"mainEntityOfPage\":{\"@id\":\"https:\\\/\\\/www.reefjet.com\\\/index.php\\\/conectividad-y-aventura-reef-jet-anuncia-vuelos-y-excursiones-exclusivas-para-la-temporada-de-invierno-2025\\\/\"},\"wordCount\":385,\"publisher\":{\"@id\":\"https:\\\/\\\/www.reefjet.com\\\/#organization\"},\"image\":{\"@id\":\"https:\\\/\\\/www.reefjet.com\\\/index.php\\\/conectividad-y-aventura-reef-jet-anuncia-vuelos-y-excursiones-exclusivas-para-la-temporada-de-invierno-2025\\\/#primaryimage\"},\"thumbnailUrl\":\"https:\\\/\\\/www.reefjet.com\\\/wp-content\\\/uploads\\\/2025\\\/01\\\/Reef-Jet-2048x1366-1.jpg\",\"articleSection\":[\"Blog\"],\"inLanguage\":\"es\"},{\"@type\":\"WebPage\",\"@id\":\"https:\\\/\\\/www.reefjet.com\\\/index.php\\\/conectividad-y-aventura-reef-jet-anuncia-vuelos-y-excursiones-exclusivas-para-la-temporada-de-invierno-2025\\\/\",\"url\":\"https:\\\/\\\/www.reefjet.com\\\/index.php\\\/conectividad-y-aventura-reef-jet-anuncia-vuelos-y-excursiones-exclusivas-para-la-temporada-de-invierno-2025\\\/\",\"name\":\"\u200bConectividad y aventura: Reef Jet anuncia vuelos y excursiones exclusivas para la temporada de invierno 2025 - ReefJet\",\"isPartOf\":{\"@id\":\"https:\\\/\\\/www.reefjet.com\\\/#website\"},\"primaryImageOfPage\":{\"@id\":\"https:\\\/\\\/www.reefjet.com\\\/index.php\\\/conectividad-y-aventura-reef-jet-anuncia-vuelos-y-excursiones-exclusivas-para-la-temporada-de-invierno-2025\\\/#primaryimage\"},\"image\":{\"@id\":\"https:\\\/\\\/www.reefjet.com\\\/index.php\\\/conectividad-y-aventura-reef-jet-anuncia-vuelos-y-excursiones-exclusivas-para-la-temporada-de-invierno-2025\\\/#primaryimage\"},\"thumbnailUrl\":\"https:\\\/\\\/www.reefjet.com\\\/wp-content\\\/uploads\\\/2025\\\/01\\\/Reef-Jet-2048x1366-1.jpg\",\"datePublished\":\"2025-01-08T14:43:20+00:00\",\"dateModified\":\"2025-01-08T16:03:47+00:00\",\"breadcrumb\":{\"@id\":\"https:\\\/\\\/www.reefjet.com\\\/index.php\\\/conectividad-y-aventura-reef-jet-anuncia-vuelos-y-excursiones-exclusivas-para-la-temporada-de-invierno-2025\\\/#breadcrumb\"},\"inLanguage\":\"es\",\"potentialAction\":[{\"@type\":\"ReadAction\",\"target\":[\"https:\\\/\\\/www.reefjet.com\\\/index.php\\\/conectividad-y-aventura-reef-jet-anuncia-vuelos-y-excursiones-exclusivas-para-la-temporada-de-invierno-2025\\\/\"]}]},{\"@type\":\"ImageObject\",\"inLanguage\":\"es\",\"@id\":\"https:\\\/\\\/www.reefjet.com\\\/index.php\\\/conectividad-y-aventura-reef-jet-anuncia-vuelos-y-excursiones-exclusivas-para-la-temporada-de-invierno-2025\\\/#primaryimage\",\"url\":\"https:\\\/\\\/www.reefjet.com\\\/wp-content\\\/uploads\\\/2025\\\/01\\\/Reef-Jet-2048x1366-1.jpg\",\"contentUrl\":\"https:\\\/\\\/www.reefjet.com\\\/wp-content\\\/uploads\\\/2025\\\/01\\\/Reef-Jet-2048x1366-1.jpg\",\"width\":2048,\"height\":1366},{\"@type\":\"BreadcrumbList\",\"@id\":\"https:\\\/\\\/www.reefjet.com\\\/index.php\\\/conectividad-y-aventura-reef-jet-anuncia-vuelos-y-excursiones-exclusivas-para-la-temporada-de-invierno-2025\\\/#breadcrumb\",\"itemListElement\":[{\"@type\":\"ListItem\",\"position\":1,\"name\":\"Portada\",\"item\":\"https:\\\/\\\/www.reefjet.com\\\/\"},{\"@type\":\"ListItem\",\"position\":2,\"name\":\"\u200bConectividad y aventura: Reef Jet anuncia vuelos y excursiones exclusivas para la temporada de invierno 2025\"}]},{\"@type\":\"WebSite\",\"@id\":\"https:\\\/\\\/www.reefjet.com\\\/#website\",\"url\":\"https:\\\/\\\/www.reefjet.com\\\/\",\"name\":\"ReefJet\",\"description\":\"venta de excursiones en republica dominicana\",\"publisher\":{\"@id\":\"https:\\\/\\\/www.reefjet.com\\\/#organization\"},\"potentialAction\":[{\"@type\":\"SearchAction\",\"target\":{\"@type\":\"EntryPoint\",\"urlTemplate\":\"https:\\\/\\\/www.reefjet.com\\\/?s={search_term_string}\"},\"query-input\":{\"@type\":\"PropertyValueSpecification\",\"valueRequired\":true,\"valueName\":\"search_term_string\"}}],\"inLanguage\":\"es\"},{\"@type\":\"Organization\",\"@id\":\"https:\\\/\\\/www.reefjet.com\\\/#organization\",\"name\":\"ReefJet\",\"url\":\"https:\\\/\\\/www.reefjet.com\\\/\",\"logo\":{\"@type\":\"ImageObject\",\"inLanguage\":\"es\",\"@id\":\"https:\\\/\\\/www.reefjet.com\\\/#\\\/schema\\\/logo\\\/image\\\/\",\"url\":\"https:\\\/\\\/www.reefjet.com\\\/wp-content\\\/uploads\\\/2020\\\/08\\\/REEFJET-LOGO.png\",\"contentUrl\":\"https:\\\/\\\/www.reefjet.com\\\/wp-content\\\/uploads\\\/2020\\\/08\\\/REEFJET-LOGO.png\",\"width\":500,\"height\":500,\"caption\":\"ReefJet\"},\"image\":{\"@id\":\"https:\\\/\\\/www.reefjet.com\\\/#\\\/schema\\\/logo\\\/image\\\/\"},\"sameAs\":[\"https:\\\/\\\/www.facebook.com\\\/reefjetair\",\"https:\\\/\\\/x.com\\\/AirReefJet\",\"https:\\\/\\\/www.instagram.com\\\/reefjetair\\\/\",\"https:\\\/\\\/www.linkedin.com\\\/company\\\/reefjet-air\",\"https:\\\/\\\/www.youtube.com\\\/channel\\\/UCshwnp5M3ABX21ankU_IxVQ\"]},{\"@type\":\"Person\",\"@id\":\"https:\\\/\\\/www.reefjet.com\\\/#\\\/schema\\\/person\\\/e0d497a7d528a211e924b303d5dbf6e8\",\"name\":\"Technology\",\"image\":{\"@type\":\"ImageObject\",\"inLanguage\":\"es\",\"@id\":\"https:\\\/\\\/secure.gravatar.com\\\/avatar\\\/886475df6ce8f5fe57fac7375a2f0b1dd13dfdae19c038d82a6ec7391792766a?s=96&d=mm&r=g\",\"url\":\"https:\\\/\\\/secure.gravatar.com\\\/avatar\\\/886475df6ce8f5fe57fac7375a2f0b1dd13dfdae19c038d82a6ec7391792766a?s=96&d=mm&r=g\",\"contentUrl\":\"https:\\\/\\\/secure.gravatar.com\\\/avatar\\\/886475df6ce8f5fe57fac7375a2f0b1dd13dfdae19c038d82a6ec7391792766a?s=96&d=mm&r=g\",\"caption\":\"Technology\"},\"sameAs\":[\"https:\\\/\\\/www.reefjet.com\\\/\",\"@geragero\"]}]}<\/script>\n<!-- \/ Yoast SEO plugin. -->","yoast_head_json":{"title":"\u200bConectividad y aventura: Reef Jet anuncia vuelos y excursiones exclusivas para la temporada de invierno 2025 - ReefJet","robots":{"index":"index","follow":"follow","max-snippet":"max-snippet:-1","max-image-preview":"max-image-preview:large","max-video-preview":"max-video-preview:-1"},"canonical":"https:\/\/www.reefjet.com\/index.php\/conectividad-y-aventura-reef-jet-anuncia-vuelos-y-excursiones-exclusivas-para-la-temporada-de-invierno-2025\/","og_locale":"es_ES","og_type":"article","og_title":"\u200bConectividad y aventura: Reef Jet anuncia vuelos y excursiones exclusivas para la temporada de invierno 2025 - ReefJet","og_description":"Punta Cana, R.D. \u2013 Reef Jet, destacado operador a\u00e9reo, lanza su programaci\u00f3n de invierno 2025 con emocionantes ofertas que refuerzan la conectividad en el Caribe. Entre las novedades destacan excursiones semanales a Bah\u00eda de las \u00c1guilas desde Punta Cana los jueves y programas de observaci\u00f3n de ballenas del 16 de enero al 31 de marzo, con opciones de d\u00eda completo los mi\u00e9rcoles y medio d\u00eda los viernes.","og_url":"https:\/\/www.reefjet.com\/index.php\/conectividad-y-aventura-reef-jet-anuncia-vuelos-y-excursiones-exclusivas-para-la-temporada-de-invierno-2025\/","og_site_name":"ReefJet","article_publisher":"https:\/\/www.facebook.com\/reefjetair","article_published_time":"2025-01-08T14:43:20+00:00","article_modified_time":"2025-01-08T16:03:47+00:00","og_image":[{"width":2048,"height":1366,"url":"https:\/\/www.reefjet.com\/wp-content\/uploads\/2025\/01\/Reef-Jet-2048x1366-1.jpg","type":"image\/jpeg"}],"author":"Technology","twitter_card":"summary_large_image","twitter_creator":"@AirReefJet","twitter_site":"@AirReefJet","twitter_misc":{"Escrito por":"Technology","Tiempo de lectura":"2 minutos"},"schema":{"@context":"https:\/\/schema.org","@graph":[{"@type":"Article","@id":"https:\/\/www.reefjet.com\/index.php\/conectividad-y-aventura-reef-jet-anuncia-vuelos-y-excursiones-exclusivas-para-la-temporada-de-invierno-2025\/#article","isPartOf":{"@id":"https:\/\/www.reefjet.com\/index.php\/conectividad-y-aventura-reef-jet-anuncia-vuelos-y-excursiones-exclusivas-para-la-temporada-de-invierno-2025\/"},"author":{"name":"Technology","@id":"https:\/\/www.reefjet.com\/#\/schema\/person\/e0d497a7d528a211e924b303d5dbf6e8"},"headline":"\u200bConectividad y aventura: Reef Jet anuncia vuelos y excursiones exclusivas para la temporada de invierno 2025","datePublished":"2025-01-08T14:43:20+00:00","dateModified":"2025-01-08T16:03:47+00:00","mainEntityOfPage":{"@id":"https:\/\/www.reefjet.com\/index.php\/conectividad-y-aventura-reef-jet-anuncia-vuelos-y-excursiones-exclusivas-para-la-temporada-de-invierno-2025\/"},"wordCount":385,"publisher":{"@id":"https:\/\/www.reefjet.com\/#organization"},"image":{"@id":"https:\/\/www.reefjet.com\/index.php\/conectividad-y-aventura-reef-jet-anuncia-vuelos-y-excursiones-exclusivas-para-la-temporada-de-invierno-2025\/#primaryimage"},"thumbnailUrl":"https:\/\/www.reefjet.com\/wp-content\/uploads\/2025\/01\/Reef-Jet-2048x1366-1.jpg","articleSection":["Blog"],"inLanguage":"es"},{"@type":"WebPage","@id":"https:\/\/www.reefjet.com\/index.php\/conectividad-y-aventura-reef-jet-anuncia-vuelos-y-excursiones-exclusivas-para-la-temporada-de-invierno-2025\/","url":"https:\/\/www.reefjet.com\/index.php\/conectividad-y-aventura-reef-jet-anuncia-vuelos-y-excursiones-exclusivas-para-la-temporada-de-invierno-2025\/","name":"\u200bConectividad y aventura: Reef Jet anuncia vuelos y excursiones exclusivas para la temporada de invierno 2025 - ReefJet","isPartOf":{"@id":"https:\/\/www.reefjet.com\/#website"},"primaryImageOfPage":{"@id":"https:\/\/www.reefjet.com\/index.php\/conectividad-y-aventura-reef-jet-anuncia-vuelos-y-excursiones-exclusivas-para-la-temporada-de-invierno-2025\/#primaryimage"},"image":{"@id":"https:\/\/www.reefjet.com\/index.php\/conectividad-y-aventura-reef-jet-anuncia-vuelos-y-excursiones-exclusivas-para-la-temporada-de-invierno-2025\/#primaryimage"},"thumbnailUrl":"https:\/\/www.reefjet.com\/wp-content\/uploads\/2025\/01\/Reef-Jet-2048x1366-1.jpg","datePublished":"2025-01-08T14:43:20+00:00","dateModified":"2025-01-08T16:03:47+00:00","breadcrumb":{"@id":"https:\/\/www.reefjet.com\/index.php\/conectividad-y-aventura-reef-jet-anuncia-vuelos-y-excursiones-exclusivas-para-la-temporada-de-invierno-2025\/#breadcrumb"},"inLanguage":"es","potentialAction":[{"@type":"ReadAction","target":["https:\/\/www.reefjet.com\/index.php\/conectividad-y-aventura-reef-jet-anuncia-vuelos-y-excursiones-exclusivas-para-la-temporada-de-invierno-2025\/"]}]},{"@type":"ImageObject","inLanguage":"es","@id":"https:\/\/www.reefjet.com\/index.php\/conectividad-y-aventura-reef-jet-anuncia-vuelos-y-excursiones-exclusivas-para-la-temporada-de-invierno-2025\/#primaryimage","url":"https:\/\/www.reefjet.com\/wp-content\/uploads\/2025\/01\/Reef-Jet-2048x1366-1.jpg","contentUrl":"https:\/\/www.reefjet.com\/wp-content\/uploads\/2025\/01\/Reef-Jet-2048x1366-1.jpg","width":2048,"height":1366},{"@type":"BreadcrumbList","@id":"https:\/\/www.reefjet.com\/index.php\/conectividad-y-aventura-reef-jet-anuncia-vuelos-y-excursiones-exclusivas-para-la-temporada-de-invierno-2025\/#breadcrumb","itemListElement":[{"@type":"ListItem","position":1,"name":"Portada","item":"https:\/\/www.reefjet.com\/"},{"@type":"ListItem","position":2,"name":"\u200bConectividad y aventura: Reef Jet anuncia vuelos y excursiones exclusivas para la temporada de invierno 2025"}]},{"@type":"WebSite","@id":"https:\/\/www.reefjet.com\/#website","url":"https:\/\/www.reefjet.com\/","name":"ReefJet","description":"venta de excursiones en republica dominicana","publisher":{"@id":"https:\/\/www.reefjet.com\/#organization"},"potentialAction":[{"@type":"SearchAction","target":{"@type":"EntryPoint","urlTemplate":"https:\/\/www.reefjet.com\/?s={search_term_string}"},"query-input":{"@type":"PropertyValueSpecification","valueRequired":true,"valueName":"search_term_string"}}],"inLanguage":"es"},{"@type":"Organization","@id":"https:\/\/www.reefjet.com\/#organization","name":"ReefJet","url":"https:\/\/www.reefjet.com\/","logo":{"@type":"ImageObject","inLanguage":"es","@id":"https:\/\/www.reefjet.com\/#\/schema\/logo\/image\/","url":"https:\/\/www.reefjet.com\/wp-content\/uploads\/2020\/08\/REEFJET-LOGO.png","contentUrl":"https:\/\/www.reefjet.com\/wp-content\/uploads\/2020\/08\/REEFJET-LOGO.png","width":500,"height":500,"caption":"ReefJet"},"image":{"@id":"https:\/\/www.reefjet.com\/#\/schema\/logo\/image\/"},"sameAs":["https:\/\/www.facebook.com\/reefjetair","https:\/\/x.com\/AirReefJet","https:\/\/www.instagram.com\/reefjetair\/","https:\/\/www.linkedin.com\/company\/reefjet-air","https:\/\/www.youtube.com\/channel\/UCshwnp5M3ABX21ankU_IxVQ"]},{"@type":"Person","@id":"https:\/\/www.reefjet.com\/#\/schema\/person\/e0d497a7d528a211e924b303d5dbf6e8","name":"Technology","image":{"@type":"ImageObject","inLanguage":"es","@id":"https:\/\/secure.gravatar.com\/avatar\/886475df6ce8f5fe57fac7375a2f0b1dd13dfdae19c038d82a6ec7391792766a?s=96&d=mm&r=g","url":"https:\/\/secure.gravatar.com\/avatar\/886475df6ce8f5fe57fac7375a2f0b1dd13dfdae19c038d82a6ec7391792766a?s=96&d=mm&r=g","contentUrl":"https:\/\/secure.gravatar.com\/avatar\/886475df6ce8f5fe57fac7375a2f0b1dd13dfdae19c038d82a6ec7391792766a?s=96&d=mm&r=g","caption":"Technology"},"sameAs":["https:\/\/www.reefjet.com\/","@geragero"]}]}},"_links":{"self":[{"href":"https:\/\/www.reefjet.com\/index.php\/wp-json\/wp\/v2\/posts\/4274","targetHints":{"allow":["GET"]}}],"collection":[{"href":"https:\/\/www.reefjet.com\/index.php\/wp-json\/wp\/v2\/posts"}],"about":[{"href":"https:\/\/www.reefjet.com\/index.php\/wp-json\/wp\/v2\/types\/post"}],"author":[{"embeddable":true,"href":"https:\/\/www.reefjet.com\/index.php\/wp-json\/wp\/v2\/users\/1"}],"replies":[{"embeddable":true,"href":"https:\/\/www.reefjet.com\/index.php\/wp-json\/wp\/v2\/comments?post=4274"}],"version-history":[{"count":9,"href":"https:\/\/www.reefjet.com\/index.php\/wp-json\/wp\/v2\/posts\/4274\/revisions"}],"predecessor-version":[{"id":4292,"href":"https:\/\/www.reefjet.com\/index.php\/wp-json\/wp\/v2\/posts\/4274\/revisions\/4292"}],"wp:featuredmedia":[{"embeddable":true,"href":"https:\/\/www.reefjet.com\/index.php\/wp-json\/wp\/v2\/media\/4279"}],"wp:attachment":[{"href":"https:\/\/www.reefjet.com\/index.php\/wp-json\/wp\/v2\/media?parent=4274"}],"wp:term":[{"taxonomy":"category","embeddable":true,"href":"https:\/\/www.reefjet.com\/index.php\/wp-json\/wp\/v2\/categories?post=4274"},{"taxonomy":"post_tag","embeddable":true,"href":"https:\/\/www.reefjet.com\/index.php\/wp-json\/wp\/v2\/tags?post=4274"}],"curies":[{"name":"wp","href":"https:\/\/api.w.org\/{rel}","templated":true}]}}